{"id":10839,"date":"2020-04-07T22:39:19","date_gmt":"2020-04-07T22:39:19","guid":{"rendered":"https:\/\/autov.ch\/?p=10839"},"modified":"2020-04-08T02:39:39","modified_gmt":"2020-04-08T02:39:39","slug":"ist-der-kraftstoffverbrauch-bei-geschlossenen-fenstern-geringer","status":"publish","type":"post","link":"https:\/\/autov.ch\/index.php\/2020\/04\/07\/ist-der-kraftstoffverbrauch-bei-geschlossenen-fenstern-geringer\/","title":{"rendered":"Ist der Kraftstoffverbrauch bei geschlossenen Fenstern geringer?"},"content":{"rendered":"<h1>Ist der Kraftstoffverbrauch bei geschlossenen Fenstern geringer?<\/h1>\n<p>Und stimmt es, dass in F\u00e4llen, in denen der Fahrer die Fenster schliesst, aber die Klimaanlage des Autos einschaltet, der Kraftstoffverbrauch nicht ansteigt?<\/p>\n<p>&nbsp;<\/p>\n<p>Es gibt einige Fragen \u00fcber das Auto, insbesondere wenn es um den Kraftstoffverbrauch geht, \u00fcber den jeder eine Vermutung \u00e4u\u00dfert, und der Fahrer wei\u00df am Ende nicht, was wahr und was eine L\u00fcge ist.<\/p>\n<p>&nbsp;<\/p>\n<p>Und eine davon ist, dass die eingeschaltete Klimaanlage den Verbrauch nat\u00fcrlich erh\u00f6ht. Und die geschlossenen Fenster der Verbrauchsreduzierung dienen, denn das verbessert die Aerodynamik des Autos.<\/p>\n<p>&nbsp;<\/p>\n<p><strong>Die Frage ist also:<\/strong><\/p>\n<p>Wenn ich die Klimaanlage einschalte und die Fenster schliesse, habe ich keinen erh\u00f6hten Verbrauch, denn das eine macht das andere wieder wett?<\/p>\n<p>&nbsp;<\/p>\n<p><strong>Und die Antwort lautet:<\/strong><\/p>\n<p>Es kommt darauf an. Im Stadtverkehr, bei niedriger Geschwindigkeit, ist die Wirkung der Aerodynamik fast nicht vorhanden, und es macht keinen Unterschied, wenn man die Fenster hochf\u00e4hrt. Auf der Stra\u00dfe kann er mit 100 pro Stunde oder mehr den Verbrauch ein wenig senken, weil die Aerodynamik nur bei viel h\u00f6heren Geschwindigkeiten st\u00f6rt, um sich zu lohnen. Aber das macht nichts, denn die Fenster werden normalerweise ganz nat\u00fcrlich geschlossen, wenn Sie die L\u00fcftung einschalten oder umgekehrt.<\/p>\n<p>&nbsp;<\/p>\n<p><img loading=\"lazy\" class=\"alignnone size-medium wp-image-7263\" src=\"https:\/\/autov.ch\/wp-content\/uploads\/2020\/01\/text18081d-300x248.png\" alt=\"\" width=\"300\" height=\"248\" srcset=\"https:\/\/autov.ch\/wp-content\/uploads\/2020\/01\/text18081d-300x248.png 300w, https:\/\/autov.ch\/wp-content\/uploads\/2020\/01\/text18081d.png 385w\" sizes=\"(max-width: 300px) 100vw, 300px\" \/><\/p>\n","protected":false},"excerpt":{"rendered":"<p>Ist der Kraftstoffverbrauch bei geschlossenen Fenstern geringer? Und stimmt es, dass in F\u00e4llen, in denen der Fahrer die Fenster schliesst, aber die Klimaanlage des Autos einschaltet, der Kraftstoffverbrauch nicht ansteigt? &nbsp; Es gibt einige Fragen \u00fcber das Auto, insbesondere wenn es um den Kraftstoffverbrauch geht, \u00fcber den jeder eine Vermutung \u00e4u\u00dfert, und der Fahrer wei\u00df [&hellip;]<\/p>\n","protected":false},"author":4,"featured_media":0,"comment_status":"open","ping_status":"open","sticky":false,"template":"","format":"standard","meta":[],"categories":[2],"tags":[301,303,302],"_links":{"self":[{"href":"https:\/\/autov.ch\/index.php\/wp-json\/wp\/v2\/posts\/10839"}],"collection":[{"href":"https:\/\/autov.ch\/index.php\/wp-json\/wp\/v2\/posts"}],"about":[{"href":"https:\/\/autov.ch\/index.php\/wp-json\/wp\/v2\/types\/post"}],"author":[{"embeddable":true,"href":"https:\/\/autov.ch\/index.php\/wp-json\/wp\/v2\/users\/4"}],"replies":[{"embeddable":true,"href":"https:\/\/autov.ch\/index.php\/wp-json\/wp\/v2\/comments?post=10839"}],"version-history":[{"count":1,"href":"https:\/\/autov.ch\/index.php\/wp-json\/wp\/v2\/posts\/10839\/revisions"}],"predecessor-version":[{"id":10840,"href":"https:\/\/autov.ch\/index.php\/wp-json\/wp\/v2\/posts\/10839\/revisions\/10840"}],"wp:attachment":[{"href":"https:\/\/autov.ch\/index.php\/wp-json\/wp\/v2\/media?parent=10839"}],"wp:term":[{"taxonomy":"category","embeddable":true,"href":"https:\/\/autov.ch\/index.php\/wp-json\/wp\/v2\/categories?post=10839"},{"taxonomy":"post_tag","embeddable":true,"href":"https:\/\/autov.ch\/index.php\/wp-json\/wp\/v2\/tags?post=10839"}],"curies":[{"name":"wp","href":"https:\/\/api.w.org\/{rel}","templated":true}]}}